{"id":949,"date":"2019-10-26T15:08:00","date_gmt":"2019-10-26T18:08:00","guid":{"rendered":"https:\/\/www.cpajn.org.ar\/web\/?p=949"},"modified":"2020-04-03T16:11:51","modified_gmt":"2020-04-03T19:11:51","slug":"75-aniversario-del-cpa","status":"publish","type":"post","link":"https:\/\/www.cpajn.org.ar\/web\/2019\/10\/26\/75-aniversario-del-cpa\/","title":{"rendered":"Festejo 75\u00b0 Aniversario del CPA"},"content":{"rendered":"\n<figure class=\"wp-block-gallery aligncenter columns-1 is-cropped wp-block-gallery-1 is-layout-flex wp-block-gallery-is-layout-flex\"><ul class=\"blocks-gallery-grid\"><li class=\"blocks-gallery-item\"><figure><img fetchpriority=\"high\" decoding=\"async\" width=\"629\" height=\"1024\" src=\"https:\/\/www.cpajn.org.ar\/web\/wp-content\/uploads\/2019\/12\/Acta-inaugural-web-629x1024.jpg\" alt=\"\" data-id=\"1025\" class=\"wp-image-1025\" srcset=\"https:\/\/www.cpajn.org.ar\/web\/wp-content\/uploads\/2019\/12\/Acta-inaugural-web-629x1024.jpg 629w, https:\/\/www.cpajn.org.ar\/web\/wp-content\/uploads\/2019\/12\/Acta-inaugural-web-184x300.jpg 184w, https:\/\/www.cpajn.org.ar\/web\/wp-content\/uploads\/2019\/12\/Acta-inaugural-web-768x1249.jpg 768w, https:\/\/www.cpajn.org.ar\/web\/wp-content\/uploads\/2019\/12\/Acta-inaugural-web-944x1536.jpg 944w, https:\/\/www.cpajn.org.ar\/web\/wp-content\/uploads\/2019\/12\/Acta-inaugural-web-1259x2048.jpg 1259w, https:\/\/www.cpajn.org.ar\/web\/wp-content\/uploads\/2019\/12\/Acta-inaugural-web.jpg 1391w\" sizes=\"(max-width: 629px) 100vw, 629px\" \/><\/figure><\/li><\/ul><\/figure>\n\n\n\n<p>Con motivo de la conmemoraci\u00f3n del 75\u00ba Aniversario de su creaci\u00f3n, el d\u00eda 29 de agosto de 2019, el CPA celebr\u00f3 un Acto para agasajar a los ex presidentes de la Instituci\u00f3n. En la ocasi\u00f3n se cont\u00f3 con la presencia de los Consejos integrantes de Junta Central quienes enviaron a sus representantes y sendos presentes alusivos. Tambi\u00e9n participaron autoridades de la FADA y de las Universidades. <\/p>\n\n\n\n<p>Al d\u00eda siguiente se realiz\u00f3 una cena de celebraci\u00f3n con gran concurrencia de matriculados que tambi\u00e9n brindaron por el 75\u00ba Aniversario de la creaci\u00f3n de este Consejo Profesional de Agrimensura. <\/p>\n","protected":false},"excerpt":{"rendered":"<p>Con motivo de la conmemoraci\u00f3n del 75\u00ba Aniversario de su creaci\u00f3n, el d\u00eda 29 de agosto de 2019, el CPA celebr\u00f3 un Acto para agasajar a los ex presidentes de la Instituci\u00f3n. En la ocasi\u00f3n se cont\u00f3 con la presencia de los Consejos integrantes de Junta Central quienes enviaron a<a class=\"moretag\" href=\"https:\/\/www.cpajn.org.ar\/web\/2019\/10\/26\/75-aniversario-del-cpa\/\"> Leer m\u00e1s<\/a><\/p>\n","protected":false},"author":1,"featured_media":957,"comment_status":"closed","ping_status":"open","sticky":false,"template":"","format":"standard","meta":{"footnotes":""},"categories":[9],"tags":[],"class_list":["post-949","post","type-post","status-publish","format-standard","has-post-thumbnail","hentry","category-noticias-y-eventos"],"_links":{"self":[{"href":"https:\/\/www.cpajn.org.ar\/web\/wp-json\/wp\/v2\/posts\/949","targetHints":{"allow":["GET"]}}],"collection":[{"href":"https:\/\/www.cpajn.org.ar\/web\/wp-json\/wp\/v2\/posts"}],"about":[{"href":"https:\/\/www.cpajn.org.ar\/web\/wp-json\/wp\/v2\/types\/post"}],"author":[{"embeddable":true,"href":"https:\/\/www.cpajn.org.ar\/web\/wp-json\/wp\/v2\/users\/1"}],"replies":[{"embeddable":true,"href":"https:\/\/www.cpajn.org.ar\/web\/wp-json\/wp\/v2\/comments?post=949"}],"version-history":[{"count":12,"href":"https:\/\/www.cpajn.org.ar\/web\/wp-json\/wp\/v2\/posts\/949\/revisions"}],"predecessor-version":[{"id":1275,"href":"https:\/\/www.cpajn.org.ar\/web\/wp-json\/wp\/v2\/posts\/949\/revisions\/1275"}],"wp:featuredmedia":[{"embeddable":true,"href":"https:\/\/www.cpajn.org.ar\/web\/wp-json\/wp\/v2\/media\/957"}],"wp:attachment":[{"href":"https:\/\/www.cpajn.org.ar\/web\/wp-json\/wp\/v2\/media?parent=949"}],"wp:term":[{"taxonomy":"category","embeddable":true,"href":"https:\/\/www.cpajn.org.ar\/web\/wp-json\/wp\/v2\/categories?post=949"},{"taxonomy":"post_tag","embeddable":true,"href":"https:\/\/www.cpajn.org.ar\/web\/wp-json\/wp\/v2\/tags?post=949"}],"curies":[{"name":"wp","href":"https:\/\/api.w.org\/{rel}","templated":true}]}}